
{"id":2652,"date":"2022-04-24T14:13:14","date_gmt":"2022-04-24T12:13:14","guid":{"rendered":"https:\/\/przedszkole1.edu.wroclaw.pl\/?p=2652"},"modified":"2022-04-24T14:31:37","modified_gmt":"2022-04-24T12:31:37","slug":"narodowy-program-rozwoju-czytelnictwa","status":"publish","type":"post","link":"https:\/\/przedszkole1.edu.wroclaw.pl\/index.php\/2022\/04\/24\/narodowy-program-rozwoju-czytelnictwa\/","title":{"rendered":"Narodowy Program Rozwoju Czytelnictwa"},"content":{"rendered":"<p><span style=\"font-size: 14pt\">Informujemy, \u017ce wniosek na zakup nowo\u015bci wydawniczych do plac\u00f3wek wychowania przedszkolnego w ramach <b>Narodowego Programu Rozwoju Czytelnictwa<\/b> z\u0142o\u017cony przez nasze przedszkole przeszed\u0142 pomy\u015blnie procedur\u0119 weryfikacji formalnej oraz oceny merytorycznej i tym samym uzyskali\u015bmy rz\u0105dowe wsparcie w formie dotacji w kwocie <b>3.000,00 z\u0142<\/b> w ramach <b>Priorytetu 3 \u201eNarodowego Programu Rozwoju Czytelnictwa 2.0. na lata 2021-2025\u201d <\/b>dotycz\u0105cego wspierania organ\u00f3w prowadz\u0105cych plac\u00f3wki wychowania przedszkolnego, szko\u0142y oraz biblioteki pedagogiczne w obszarze rozwijania zainteresowa\u0144 dzieci i m\u0142odzie\u017cy przez promowanie i wspieranie rozwoju czytelnictwa w\u015br\u00f3d dzieci i m\u0142odzie\u017cy, w tym zakup nowo\u015bci wydawniczych.<\/span><\/p>\n","protected":false},"excerpt":{"rendered":"<p>Informujemy, \u017ce wniosek na zakup nowo\u015bci wydawniczych do plac\u00f3wek wychowania przedszkolnego w ramach Narodowego Programu Rozwoju Czytelnictwa z\u0142o\u017cony przez nasze przedszkole przeszed\u0142 pomy\u015blnie procedur\u0119 weryfikacji formalnej oraz oceny merytorycznej i [&hellip;]<\/p>\n","protected":false},"author":58,"featured_media":2656,"comment_status":"closed","ping_status":"open","sticky":false,"template":"","format":"standard","meta":{"ngg_post_thumbnail":0,"footnotes":""},"categories":[3],"tags":[],"class_list":["post-2652","post","type-post","status-publish","format-standard","has-post-thumbnail","hentry","category-aktualnosci","clearfix"],"_links":{"self":[{"href":"https:\/\/przedszkole1.edu.wroclaw.pl\/index.php\/wp-json\/wp\/v2\/posts\/2652","targetHints":{"allow":["GET"]}}],"collection":[{"href":"https:\/\/przedszkole1.edu.wroclaw.pl\/index.php\/wp-json\/wp\/v2\/posts"}],"about":[{"href":"https:\/\/przedszkole1.edu.wroclaw.pl\/index.php\/wp-json\/wp\/v2\/types\/post"}],"author":[{"embeddable":true,"href":"https:\/\/przedszkole1.edu.wroclaw.pl\/index.php\/wp-json\/wp\/v2\/users\/58"}],"replies":[{"embeddable":true,"href":"https:\/\/przedszkole1.edu.wroclaw.pl\/index.php\/wp-json\/wp\/v2\/comments?post=2652"}],"version-history":[{"count":2,"href":"https:\/\/przedszkole1.edu.wroclaw.pl\/index.php\/wp-json\/wp\/v2\/posts\/2652\/revisions"}],"predecessor-version":[{"id":2655,"href":"https:\/\/przedszkole1.edu.wroclaw.pl\/index.php\/wp-json\/wp\/v2\/posts\/2652\/revisions\/2655"}],"wp:featuredmedia":[{"embeddable":true,"href":"https:\/\/przedszkole1.edu.wroclaw.pl\/index.php\/wp-json\/wp\/v2\/media\/2656"}],"wp:attachment":[{"href":"https:\/\/przedszkole1.edu.wroclaw.pl\/index.php\/wp-json\/wp\/v2\/media?parent=2652"}],"wp:term":[{"taxonomy":"category","embeddable":true,"href":"https:\/\/przedszkole1.edu.wroclaw.pl\/index.php\/wp-json\/wp\/v2\/categories?post=2652"},{"taxonomy":"post_tag","embeddable":true,"href":"https:\/\/przedszkole1.edu.wroclaw.pl\/index.php\/wp-json\/wp\/v2\/tags?post=2652"}],"curies":[{"name":"wp","href":"https:\/\/api.w.org\/{rel}","templated":true}]}}