
{"id":2672,"date":"2022-05-18T19:44:37","date_gmt":"2022-05-18T17:44:37","guid":{"rendered":"https:\/\/przedszkole1.edu.wroclaw.pl\/?p=2672"},"modified":"2022-05-18T19:44:37","modified_gmt":"2022-05-18T17:44:37","slug":"nie-badz-sknera-kup-pampera","status":"publish","type":"post","link":"https:\/\/przedszkole1.edu.wroclaw.pl\/index.php\/2022\/05\/18\/nie-badz-sknera-kup-pampera\/","title":{"rendered":"Nie b\u0105d\u017a sknera, kup pampera!"},"content":{"rendered":"<p>Podobnie jak w poprzednich edycjach, celem akcji jest zgromadzenie artyku\u0142\u00f3w niezb\u0119dnych do prowadzenia opieki paliatywnej nad ma\u0142ymi pacjentami\u00a0<b>Hospicjum dla Dzieci Dolnego \u015al\u0105ska \u201eFormu\u0142a Dobra\u201d\u00a0<\/b>oraz dodatkowo od 2018 roku<b>\u00a0Fundacji Charytatywnej \u201eDajmy Nadziej\u0119\u201d we Lwowie<\/b>. Stowarzyszenie medyczne prowadzi opiek\u0119 nad ponad setk\u0105 dzieci na terenie ca\u0142ego wojew\u00f3dztwa. Ka\u017cda pomoc jest bardzo cenna, zw\u0142aszcza w trudnym czasie zwi\u0105zanym z wojn\u0105 na Ukrainie.<\/p>\n<p>&#8222;Planeta U\u015bmiechu&#8221; po raz kolejny wspiera akcj\u0119 ca\u0142ym sercem.<\/p>\n<p><a href=\"https:\/\/przedszkole1.edu.wroclaw.pl\/wp-content\/uploads\/sites\/34\/2022\/05\/akcja.pdf\">Zobacz szczeg\u00f3\u0142y<\/a><\/p>\n<p>&nbsp;<\/p>\n","protected":false},"excerpt":{"rendered":"<p>Podobnie jak w poprzednich edycjach, celem akcji jest zgromadzenie artyku\u0142\u00f3w niezb\u0119dnych do prowadzenia opieki paliatywnej nad ma\u0142ymi pacjentami\u00a0Hospicjum dla Dzieci Dolnego \u015al\u0105ska \u201eFormu\u0142a Dobra\u201d\u00a0oraz dodatkowo od 2018 roku\u00a0Fundacji Charytatywnej \u201eDajmy [&hellip;]<\/p>\n","protected":false},"author":58,"featured_media":2461,"comment_status":"closed","ping_status":"open","sticky":false,"template":"","format":"standard","meta":{"ngg_post_thumbnail":0,"footnotes":""},"categories":[3],"tags":[],"class_list":["post-2672","post","type-post","status-publish","format-standard","has-post-thumbnail","hentry","category-aktualnosci","clearfix"],"_links":{"self":[{"href":"https:\/\/przedszkole1.edu.wroclaw.pl\/index.php\/wp-json\/wp\/v2\/posts\/2672","targetHints":{"allow":["GET"]}}],"collection":[{"href":"https:\/\/przedszkole1.edu.wroclaw.pl\/index.php\/wp-json\/wp\/v2\/posts"}],"about":[{"href":"https:\/\/przedszkole1.edu.wroclaw.pl\/index.php\/wp-json\/wp\/v2\/types\/post"}],"author":[{"embeddable":true,"href":"https:\/\/przedszkole1.edu.wroclaw.pl\/index.php\/wp-json\/wp\/v2\/users\/58"}],"replies":[{"embeddable":true,"href":"https:\/\/przedszkole1.edu.wroclaw.pl\/index.php\/wp-json\/wp\/v2\/comments?post=2672"}],"version-history":[{"count":2,"href":"https:\/\/przedszkole1.edu.wroclaw.pl\/index.php\/wp-json\/wp\/v2\/posts\/2672\/revisions"}],"predecessor-version":[{"id":2675,"href":"https:\/\/przedszkole1.edu.wroclaw.pl\/index.php\/wp-json\/wp\/v2\/posts\/2672\/revisions\/2675"}],"wp:featuredmedia":[{"embeddable":true,"href":"https:\/\/przedszkole1.edu.wroclaw.pl\/index.php\/wp-json\/wp\/v2\/media\/2461"}],"wp:attachment":[{"href":"https:\/\/przedszkole1.edu.wroclaw.pl\/index.php\/wp-json\/wp\/v2\/media?parent=2672"}],"wp:term":[{"taxonomy":"category","embeddable":true,"href":"https:\/\/przedszkole1.edu.wroclaw.pl\/index.php\/wp-json\/wp\/v2\/categories?post=2672"},{"taxonomy":"post_tag","embeddable":true,"href":"https:\/\/przedszkole1.edu.wroclaw.pl\/index.php\/wp-json\/wp\/v2\/tags?post=2672"}],"curies":[{"name":"wp","href":"https:\/\/api.w.org\/{rel}","templated":true}]}}