
{"id":3616,"date":"2024-05-27T18:31:15","date_gmt":"2024-05-27T16:31:15","guid":{"rendered":"https:\/\/przedszkole1.edu.wroclaw.pl\/?p=3616"},"modified":"2024-05-27T18:31:15","modified_gmt":"2024-05-27T16:31:15","slug":"przedszkolny-przeglad-teatralny-2","status":"publish","type":"post","link":"https:\/\/przedszkole1.edu.wroclaw.pl\/index.php\/2024\/05\/27\/przedszkolny-przeglad-teatralny-2\/","title":{"rendered":"Przedszkolny Przegl\u0105d Teatralny"},"content":{"rendered":"<p><span style=\"font-size: 14pt\">15 maja mieli\u015bmy przyjemno\u015b\u0107 po raz kolejny uczestniczy\u0107 w naszym Przedszkolnym Przegl\u0105dzie Teatralnym. W wydarzeniu tym uczestniczyli mili go\u015bcie, dzieci oraz Panie nauczycielki ze Szko\u0142y Podstawowej nr 81.\u00a0<\/span><\/p>\n<p><span style=\"font-size: 14pt\">Przegl\u0105d otworzy\u0142o fantastyczne przedstawienie grupy Misie pt. <em>Lokomotywa<\/em>. Nast\u0119pnie grupa najm\u0142odsza, Je\u017cyki, zachwyci\u0142a nas <em>Niesamowitym jajkiem<\/em>, a Wiewi\u00f3rki niebanaln\u0105 wersj\u0105 <em>Orzecha<\/em> J. Brzechwy. Na zako\u0144czenie, grupa Zaj\u0105czki zaprezentowa\u0142a etiud\u0119 teatraln\u0105 pt. <em>Daba daba<\/em>.<\/span><\/p>\n<p><span style=\"font-size: 14pt\">Gratulacje dla wszystkich uczestnik\u00f3w, wychowawc\u00f3w i organizator\u00f3w za stworzenie niezapomnianej atmosfery i wspania\u0142ych wspomnie\u0144. Ju\u017c nie mo\u017cemy doczeka\u0107 si\u0119 kolejnej edycji!<\/span><\/p>\n<p><img loading=\"lazy\" decoding=\"async\" class=\"alignnone size-medium wp-image-3617\" src=\"https:\/\/przedszkole1.edu.wroclaw.pl\/wp-content\/uploads\/sites\/34\/2024\/05\/IMG_1081-300x225.jpg\" alt=\"\" width=\"300\" height=\"225\" srcset=\"https:\/\/przedszkole1.edu.wroclaw.pl\/wp-content\/uploads\/sites\/34\/2024\/05\/IMG_1081-300x225.jpg 300w, https:\/\/przedszkole1.edu.wroclaw.pl\/wp-content\/uploads\/sites\/34\/2024\/05\/IMG_1081.jpg 640w\" sizes=\"auto, (max-width: 300px) 100vw, 300px\" \/> <img loading=\"lazy\" decoding=\"async\" class=\"alignnone size-medium wp-image-3618\" src=\"https:\/\/przedszkole1.edu.wroclaw.pl\/wp-content\/uploads\/sites\/34\/2024\/05\/IMG_1083-300x225.jpg\" alt=\"\" width=\"300\" height=\"225\" srcset=\"https:\/\/przedszkole1.edu.wroclaw.pl\/wp-content\/uploads\/sites\/34\/2024\/05\/IMG_1083-300x225.jpg 300w, https:\/\/przedszkole1.edu.wroclaw.pl\/wp-content\/uploads\/sites\/34\/2024\/05\/IMG_1083.jpg 640w\" sizes=\"auto, (max-width: 300px) 100vw, 300px\" \/> <img loading=\"lazy\" decoding=\"async\" class=\"alignnone size-medium wp-image-3619\" src=\"https:\/\/przedszkole1.edu.wroclaw.pl\/wp-content\/uploads\/sites\/34\/2024\/05\/IMG_1085-300x225.jpg\" alt=\"\" width=\"300\" height=\"225\" srcset=\"https:\/\/przedszkole1.edu.wroclaw.pl\/wp-content\/uploads\/sites\/34\/2024\/05\/IMG_1085-300x225.jpg 300w, https:\/\/przedszkole1.edu.wroclaw.pl\/wp-content\/uploads\/sites\/34\/2024\/05\/IMG_1085.jpg 640w\" sizes=\"auto, (max-width: 300px) 100vw, 300px\" \/> <img loading=\"lazy\" decoding=\"async\" class=\"alignnone size-medium wp-image-3620\" src=\"https:\/\/przedszkole1.edu.wroclaw.pl\/wp-content\/uploads\/sites\/34\/2024\/05\/IMG_1088-300x225.jpg\" alt=\"\" width=\"300\" height=\"225\" srcset=\"https:\/\/przedszkole1.edu.wroclaw.pl\/wp-content\/uploads\/sites\/34\/2024\/05\/IMG_1088-300x225.jpg 300w, https:\/\/przedszkole1.edu.wroclaw.pl\/wp-content\/uploads\/sites\/34\/2024\/05\/IMG_1088.jpg 640w\" sizes=\"auto, (max-width: 300px) 100vw, 300px\" \/> <img loading=\"lazy\" decoding=\"async\" class=\"alignnone size-medium wp-image-3621\" src=\"https:\/\/przedszkole1.edu.wroclaw.pl\/wp-content\/uploads\/sites\/34\/2024\/05\/IMG_1096-300x225.jpg\" alt=\"\" width=\"300\" height=\"225\" srcset=\"https:\/\/przedszkole1.edu.wroclaw.pl\/wp-content\/uploads\/sites\/34\/2024\/05\/IMG_1096-300x225.jpg 300w, https:\/\/przedszkole1.edu.wroclaw.pl\/wp-content\/uploads\/sites\/34\/2024\/05\/IMG_1096.jpg 640w\" sizes=\"auto, (max-width: 300px) 100vw, 300px\" \/> <img loading=\"lazy\" decoding=\"async\" class=\"alignnone size-medium wp-image-3622\" src=\"https:\/\/przedszkole1.edu.wroclaw.pl\/wp-content\/uploads\/sites\/34\/2024\/05\/IMG_1097-300x225.jpg\" alt=\"\" width=\"300\" height=\"225\" srcset=\"https:\/\/przedszkole1.edu.wroclaw.pl\/wp-content\/uploads\/sites\/34\/2024\/05\/IMG_1097-300x225.jpg 300w, https:\/\/przedszkole1.edu.wroclaw.pl\/wp-content\/uploads\/sites\/34\/2024\/05\/IMG_1097.jpg 640w\" sizes=\"auto, (max-width: 300px) 100vw, 300px\" \/> <img loading=\"lazy\" decoding=\"async\" class=\"alignnone size-medium wp-image-3623\" src=\"https:\/\/przedszkole1.edu.wroclaw.pl\/wp-content\/uploads\/sites\/34\/2024\/05\/IMG_1100-300x225.jpg\" alt=\"\" width=\"300\" height=\"225\" srcset=\"https:\/\/przedszkole1.edu.wroclaw.pl\/wp-content\/uploads\/sites\/34\/2024\/05\/IMG_1100-300x225.jpg 300w, https:\/\/przedszkole1.edu.wroclaw.pl\/wp-content\/uploads\/sites\/34\/2024\/05\/IMG_1100.jpg 640w\" sizes=\"auto, (max-width: 300px) 100vw, 300px\" \/> <img loading=\"lazy\" decoding=\"async\" class=\"alignnone size-medium wp-image-3624\" src=\"https:\/\/przedszkole1.edu.wroclaw.pl\/wp-content\/uploads\/sites\/34\/2024\/05\/IMG_1119-300x225.jpg\" alt=\"\" width=\"300\" height=\"225\" srcset=\"https:\/\/przedszkole1.edu.wroclaw.pl\/wp-content\/uploads\/sites\/34\/2024\/05\/IMG_1119-300x225.jpg 300w, https:\/\/przedszkole1.edu.wroclaw.pl\/wp-content\/uploads\/sites\/34\/2024\/05\/IMG_1119.jpg 640w\" sizes=\"auto, (max-width: 300px) 100vw, 300px\" \/><\/p>\n","protected":false},"excerpt":{"rendered":"<p>15 maja mieli\u015bmy przyjemno\u015b\u0107 po raz kolejny uczestniczy\u0107 w naszym Przedszkolnym Przegl\u0105dzie Teatralnym. W wydarzeniu tym uczestniczyli mili go\u015bcie, dzieci oraz Panie nauczycielki ze Szko\u0142y Podstawowej nr 81.\u00a0 Przegl\u0105d otworzy\u0142o [&hellip;]<\/p>\n","protected":false},"author":58,"featured_media":3621,"comment_status":"closed","ping_status":"open","sticky":false,"template":"","format":"standard","meta":{"ngg_post_thumbnail":0,"footnotes":""},"categories":[3],"tags":[],"class_list":["post-3616","post","type-post","status-publish","format-standard","has-post-thumbnail","hentry","category-aktualnosci","clearfix"],"_links":{"self":[{"href":"https:\/\/przedszkole1.edu.wroclaw.pl\/index.php\/wp-json\/wp\/v2\/posts\/3616","targetHints":{"allow":["GET"]}}],"collection":[{"href":"https:\/\/przedszkole1.edu.wroclaw.pl\/index.php\/wp-json\/wp\/v2\/posts"}],"about":[{"href":"https:\/\/przedszkole1.edu.wroclaw.pl\/index.php\/wp-json\/wp\/v2\/types\/post"}],"author":[{"embeddable":true,"href":"https:\/\/przedszkole1.edu.wroclaw.pl\/index.php\/wp-json\/wp\/v2\/users\/58"}],"replies":[{"embeddable":true,"href":"https:\/\/przedszkole1.edu.wroclaw.pl\/index.php\/wp-json\/wp\/v2\/comments?post=3616"}],"version-history":[{"count":1,"href":"https:\/\/przedszkole1.edu.wroclaw.pl\/index.php\/wp-json\/wp\/v2\/posts\/3616\/revisions"}],"predecessor-version":[{"id":3625,"href":"https:\/\/przedszkole1.edu.wroclaw.pl\/index.php\/wp-json\/wp\/v2\/posts\/3616\/revisions\/3625"}],"wp:featuredmedia":[{"embeddable":true,"href":"https:\/\/przedszkole1.edu.wroclaw.pl\/index.php\/wp-json\/wp\/v2\/media\/3621"}],"wp:attachment":[{"href":"https:\/\/przedszkole1.edu.wroclaw.pl\/index.php\/wp-json\/wp\/v2\/media?parent=3616"}],"wp:term":[{"taxonomy":"category","embeddable":true,"href":"https:\/\/przedszkole1.edu.wroclaw.pl\/index.php\/wp-json\/wp\/v2\/categories?post=3616"},{"taxonomy":"post_tag","embeddable":true,"href":"https:\/\/przedszkole1.edu.wroclaw.pl\/index.php\/wp-json\/wp\/v2\/tags?post=3616"}],"curies":[{"name":"wp","href":"https:\/\/api.w.org\/{rel}","templated":true}]}}